{"id":2732,"date":"2026-08-30T03:00:44","date_gmt":"2026-08-30T02:00:44","guid":{"rendered":"https:\/\/naturogmad.dk\/?p=2732"},"modified":"2026-08-29T05:08:22","modified_gmt":"2026-08-29T04:08:22","slug":"foedevaresystemet-skal-aendres","status":"publish","type":"post","link":"https:\/\/naturogmad.dk\/index.php\/2026\/08\/30\/foedevaresystemet-skal-aendres\/","title":{"rendered":"F\u00f8devaresystemet skal \u00e6ndres"},"content":{"rendered":"<p>Danmark kan igen blive et gr\u00f8nt foregangsland og vise vejen til en f\u00f8devareproduktion, der skaber liv p\u00e5 landet, bedre forhold for b\u00e5de dyr i produktionen og de vilde dyr samt en langt st\u00f8rre biodiversitet.<\/p>\n<p>Det er tid til at h\u00e6ve ambitionsniveauet for vores f\u00f8devaresystem. <\/p>\n<p>Vi skal producere sund mad til mennesker p\u00e5 en m\u00e5de, der gavner vores natur, drikkevand og biodiversitet, og vi skal ikke l\u00e6ngere tillade, at millioner af dyr lever et helt liv p\u00e5 for lidt plads og uden nogensinde at komme udenfor. <\/p>\n<p>Derfor pr\u00e6senterer Dyrenes Beskyttelse, sammen med en r\u00e6kke organisationer og virksomheder, ni anbefalinger, der samlet set er et bud p\u00e5, hvilke nye veje f\u00f8devaresystemet kan og b\u00f8r g\u00e5.<\/p>\n<p>Anbefalingerne skal s\u00e6tte danske virksomheder i f\u00f8rers\u00e6det for innovativ f\u00f8devareproduktion, n\u00e5r de globale markeder i fremtiden i langt h\u00f8jere grad vil eftersp\u00f8rge en produktion, der bidrager til at genoprette biodiversitet, klima, milj\u00f8 og dyrevelf\u00e6rd. <\/p>\n<p>Kildehenvisning:<\/p>\n<p>\u201cF\u00f8devaresystemet skal \u00e6ndres: Ni anbefalinger viser vejen frem\u201d 27 august 2026 Elisabeth Eskildsen<br \/>\ndyrenesbeskyttelse.dk<br \/>\n<a href=\"https:\/\/www.dyrenesbeskyttelse.dk\/artikler\/foedevaresystemet-skal-aendres-ni-anbefalinger-viser-vejen-frem\" target=\"_blank\">https:\/\/www.dyrenesbeskyttelse.dk\/artikler\/foedevaresystemet-skal-aendres-ni-anbefalinger-viser-vejen-frem<\/a><\/p>\n","protected":false},"excerpt":{"rendered":"<p>Danmark kan igen blive et gr\u00f8nt foregangsland og vise vejen til en f\u00f8devareproduktion, der skaber liv p\u00e5 landet, bedre forhold for b\u00e5de dyr i produktionen og de vilde dyr samt&hellip;<\/p>\n","protected":false},"author":1,"featured_media":2735,"comment_status":"open","ping_status":"closed","sticky":false,"template":"","format":"standard","meta":{"footnotes":""},"categories":[2,64,72,199,60,70,73,90,71],"tags":[407,104],"class_list":["post-2732","post","type-post","status-publish","format-standard","has-post-thumbnail","hentry","category-blog","category-dyrevelfaerd","category-groentsager","category-haven","category-landbrug","category-livskvalitet","category-mad","category-oekologi","category-sundhed","tag-forgangsland","tag-groentsager-oekologi"],"yoast_head":"<!-- This site is optimized with the Yoast SEO Premium plugin v28.3 (Yoast SEO v28.3) - https:\/\/yoast.com\/product\/yoast-seo-premium-wordpress\/ -->\n<title>F\u00f8devaresystemet skal \u00e6ndres - Natur og mad<\/title>\n<meta name=\"description\" content=\"Danmark kan igen blive et gr\u00f8nt foregangsland og vise vejen til en f\u00f8devareproduktion, der skaber liv p\u00e5 landet\" \/>\n<meta name=\"robots\" content=\"index, follow, max-snippet:-1, max-image-preview:large, max-video-preview:-1\" \/>\n<link rel=\"canonical\" href=\"https:\/\/naturogmad.dk\/index.php\/2026\/08\/30\/foedevaresystemet-skal-aendres\/\" \/>\n<meta property=\"og:locale\" content=\"da_DK\" \/>\n<meta property=\"og:type\" content=\"article\" \/>\n<meta property=\"og:title\" content=\"F\u00f8devaresystemet skal \u00e6ndres\" \/>\n<meta property=\"og:description\" content=\"Danmark kan igen blive et gr\u00f8nt foregangsland og vise vejen til en f\u00f8devareproduktion, der skaber liv p\u00e5 landet\" \/>\n<meta property=\"og:url\" content=\"https:\/\/naturogmad.dk\/index.php\/2026\/08\/30\/foedevaresystemet-skal-aendres\/\" \/>\n<meta property=\"og:site_name\" content=\"Natur og mad\" \/>\n<meta property=\"article:published_time\" content=\"2026-08-30T02:00:44+00:00\" \/>\n<meta property=\"og:image\" content=\"https:\/\/naturogmad.dk\/wp-content\/uploads\/2026\/08\/Groentsager_3.webp\" \/>\n\t<meta property=\"og:image:width\" content=\"1600\" \/>\n\t<meta property=\"og:image:height\" content=\"575\" \/>\n\t<meta property=\"og:image:type\" content=\"image\/webp\" \/>\n<meta name=\"author\" content=\"Carl Andersen\" \/>\n<meta name=\"twitter:card\" content=\"summary_large_image\" \/>\n<meta name=\"twitter:label1\" content=\"Skrevet af\" \/>\n\t<meta name=\"twitter:data1\" content=\"Carl Andersen\" \/>\n\t<meta name=\"twitter:label2\" content=\"Estimeret l\u00e6setid\" \/>\n\t<meta name=\"twitter:data2\" content=\"2 minutter\" \/>\n<script type=\"application\/ld+json\" class=\"yoast-schema-graph\">{\"@context\":\"https:\\\/\\\/schema.org\",\"@graph\":[{\"@type\":\"Article\",\"@id\":\"https:\\\/\\\/naturogmad.dk\\\/index.php\\\/2026\\\/08\\\/30\\\/foedevaresystemet-skal-aendres\\\/#article\",\"isPartOf\":{\"@id\":\"https:\\\/\\\/naturogmad.dk\\\/index.php\\\/2026\\\/08\\\/30\\\/foedevaresystemet-skal-aendres\\\/\"},\"author\":{\"name\":\"Carl Andersen\",\"@id\":\"https:\\\/\\\/naturogmad.dk\\\/#\\\/schema\\\/person\\\/ef23e94eada8bd9f6ab62ebca3603546\"},\"headline\":\"F\u00f8devaresystemet skal \u00e6ndres\",\"datePublished\":\"2026-08-30T02:00:44+00:00\",\"mainEntityOfPage\":{\"@id\":\"https:\\\/\\\/naturogmad.dk\\\/index.php\\\/2026\\\/08\\\/30\\\/foedevaresystemet-skal-aendres\\\/\"},\"wordCount\":192,\"commentCount\":0,\"publisher\":{\"@id\":\"https:\\\/\\\/naturogmad.dk\\\/#organization\"},\"image\":{\"@id\":\"https:\\\/\\\/naturogmad.dk\\\/index.php\\\/2026\\\/08\\\/30\\\/foedevaresystemet-skal-aendres\\\/#primaryimage\"},\"thumbnailUrl\":\"https:\\\/\\\/naturogmad.dk\\\/wp-content\\\/uploads\\\/2026\\\/08\\\/Groentsager_3.webp\",\"keywords\":[\"forgangsland\",\"gr\u00f8ntsager.\u00f8kologi\"],\"articleSection\":[\"Blog\",\"Dyrevelf\u00e6rd\",\"Gr\u00f8ntsager\",\"Haven\",\"Landbrug\",\"Livskvalitet\",\"Mad\",\"\u00d8kologi\",\"Sundhed\"],\"inLanguage\":\"da-DK\",\"potentialAction\":[{\"@type\":\"CommentAction\",\"name\":\"Comment\",\"target\":[\"https:\\\/\\\/naturogmad.dk\\\/index.php\\\/2026\\\/08\\\/30\\\/foedevaresystemet-skal-aendres\\\/#respond\"]}],\"copyrightYear\":\"2026\",\"copyrightHolder\":{\"@id\":\"https:\\\/\\\/naturogmad.dk\\\/#organization\"}},{\"@type\":\"WebPage\",\"@id\":\"https:\\\/\\\/naturogmad.dk\\\/index.php\\\/2026\\\/08\\\/30\\\/foedevaresystemet-skal-aendres\\\/\",\"url\":\"https:\\\/\\\/naturogmad.dk\\\/index.php\\\/2026\\\/08\\\/30\\\/foedevaresystemet-skal-aendres\\\/\",\"name\":\"F\u00f8devaresystemet skal \u00e6ndres - Natur og mad\",\"isPartOf\":{\"@id\":\"https:\\\/\\\/naturogmad.dk\\\/#website\"},\"primaryImageOfPage\":{\"@id\":\"https:\\\/\\\/naturogmad.dk\\\/index.php\\\/2026\\\/08\\\/30\\\/foedevaresystemet-skal-aendres\\\/#primaryimage\"},\"image\":{\"@id\":\"https:\\\/\\\/naturogmad.dk\\\/index.php\\\/2026\\\/08\\\/30\\\/foedevaresystemet-skal-aendres\\\/#primaryimage\"},\"thumbnailUrl\":\"https:\\\/\\\/naturogmad.dk\\\/wp-content\\\/uploads\\\/2026\\\/08\\\/Groentsager_3.webp\",\"datePublished\":\"2026-08-30T02:00:44+00:00\",\"description\":\"Danmark kan igen blive et gr\u00f8nt foregangsland og vise vejen til en f\u00f8devareproduktion, der skaber liv p\u00e5 landet\",\"breadcrumb\":{\"@id\":\"https:\\\/\\\/naturogmad.dk\\\/index.php\\\/2026\\\/08\\\/30\\\/foedevaresystemet-skal-aendres\\\/#breadcrumb\"},\"inLanguage\":\"da-DK\",\"potentialAction\":[{\"@type\":\"ReadAction\",\"target\":[\"https:\\\/\\\/naturogmad.dk\\\/index.php\\\/2026\\\/08\\\/30\\\/foedevaresystemet-skal-aendres\\\/\"]}]},{\"@type\":\"ImageObject\",\"inLanguage\":\"da-DK\",\"@id\":\"https:\\\/\\\/naturogmad.dk\\\/index.php\\\/2026\\\/08\\\/30\\\/foedevaresystemet-skal-aendres\\\/#primaryimage\",\"url\":\"https:\\\/\\\/naturogmad.dk\\\/wp-content\\\/uploads\\\/2026\\\/08\\\/Groentsager_3.webp\",\"contentUrl\":\"https:\\\/\\\/naturogmad.dk\\\/wp-content\\\/uploads\\\/2026\\\/08\\\/Groentsager_3.webp\",\"width\":1600,\"height\":575,\"caption\":\"gr\u00f8ntsager\"},{\"@type\":\"BreadcrumbList\",\"@id\":\"https:\\\/\\\/naturogmad.dk\\\/index.php\\\/2026\\\/08\\\/30\\\/foedevaresystemet-skal-aendres\\\/#breadcrumb\",\"itemListElement\":[{\"@type\":\"ListItem\",\"position\":1,\"name\":\"Home\",\"item\":\"https:\\\/\\\/naturogmad.dk\\\/\"},{\"@type\":\"ListItem\",\"position\":2,\"name\":\"F\u00f8devaresystemet skal \u00e6ndres\"}]},{\"@type\":\"WebSite\",\"@id\":\"https:\\\/\\\/naturogmad.dk\\\/#website\",\"url\":\"https:\\\/\\\/naturogmad.dk\\\/\",\"name\":\"Natur og mad\",\"description\":\"natur milj\u00f8 biodiversitet landbrug dyrevelf\u00e6rd mad\",\"publisher\":{\"@id\":\"https:\\\/\\\/naturogmad.dk\\\/#organization\"},\"potentialAction\":[{\"@type\":\"SearchAction\",\"target\":{\"@type\":\"EntryPoint\",\"urlTemplate\":\"https:\\\/\\\/naturogmad.dk\\\/?s={search_term_string}\"},\"query-input\":{\"@type\":\"PropertyValueSpecification\",\"valueRequired\":true,\"valueName\":\"search_term_string\"}}],\"inLanguage\":\"da-DK\"},{\"@type\":[\"Organization\",\"Place\"],\"@id\":\"https:\\\/\\\/naturogmad.dk\\\/#organization\",\"name\":\"Natur og mad\",\"url\":\"https:\\\/\\\/naturogmad.dk\\\/\",\"logo\":{\"@id\":\"https:\\\/\\\/naturogmad.dk\\\/index.php\\\/2026\\\/08\\\/30\\\/foedevaresystemet-skal-aendres\\\/#local-main-organization-logo\"},\"image\":{\"@id\":\"https:\\\/\\\/naturogmad.dk\\\/index.php\\\/2026\\\/08\\\/30\\\/foedevaresystemet-skal-aendres\\\/#local-main-organization-logo\"},\"numberOfEmployees\":{\"@type\":\"QuantitativeValue\",\"minValue\":\"1\",\"maxValue\":\"10\"},\"telephone\":[],\"openingHoursSpecification\":[{\"@type\":\"OpeningHoursSpecification\",\"dayOfWeek\":[\"Monday\",\"Tuesday\",\"Wednesday\",\"Thursday\",\"Friday\",\"Saturday\",\"Sunday\"],\"opens\":\"09:00\",\"closes\":\"17:00\"}]},{\"@type\":\"Person\",\"@id\":\"https:\\\/\\\/naturogmad.dk\\\/#\\\/schema\\\/person\\\/ef23e94eada8bd9f6ab62ebca3603546\",\"name\":\"Carl Andersen\",\"image\":{\"@type\":\"ImageObject\",\"inLanguage\":\"da-DK\",\"@id\":\"https:\\\/\\\/secure.gravatar.com\\\/avatar\\\/683d98ff87f1da959f39319e9373482403c78a388a9701137f80709179fec0b3?s=96&d=mm&r=g\",\"url\":\"https:\\\/\\\/secure.gravatar.com\\\/avatar\\\/683d98ff87f1da959f39319e9373482403c78a388a9701137f80709179fec0b3?s=96&d=mm&r=g\",\"contentUrl\":\"https:\\\/\\\/secure.gravatar.com\\\/avatar\\\/683d98ff87f1da959f39319e9373482403c78a388a9701137f80709179fec0b3?s=96&d=mm&r=g\",\"caption\":\"Carl Andersen\"},\"sameAs\":[\"https:\\\/\\\/naturogmad.dk\"],\"url\":\"https:\\\/\\\/naturogmad.dk\\\/index.php\\\/author\\\/admin\\\/\"},{\"@type\":\"ImageObject\",\"inLanguage\":\"da-DK\",\"@id\":\"https:\\\/\\\/naturogmad.dk\\\/index.php\\\/2026\\\/08\\\/30\\\/foedevaresystemet-skal-aendres\\\/#local-main-organization-logo\",\"url\":\"https:\\\/\\\/naturogmad.dk\\\/wp-content\\\/uploads\\\/2026\\\/02\\\/cropped-ikon.webp\",\"contentUrl\":\"https:\\\/\\\/naturogmad.dk\\\/wp-content\\\/uploads\\\/2026\\\/02\\\/cropped-ikon.webp\",\"width\":512,\"height\":512,\"caption\":\"Natur og mad\"}]}<\/script>\n<!-- \/ Yoast SEO Premium plugin. -->","yoast_head_json":{"title":"F\u00f8devaresystemet skal \u00e6ndres - Natur og mad","description":"Danmark kan igen blive et gr\u00f8nt foregangsland og vise vejen til en f\u00f8devareproduktion, der skaber liv p\u00e5 landet","robots":{"index":"index","follow":"follow","max-snippet":"max-snippet:-1","max-image-preview":"max-image-preview:large","max-video-preview":"max-video-preview:-1"},"canonical":"https:\/\/naturogmad.dk\/index.php\/2026\/08\/30\/foedevaresystemet-skal-aendres\/","og_locale":"da_DK","og_type":"article","og_title":"F\u00f8devaresystemet skal \u00e6ndres","og_description":"Danmark kan igen blive et gr\u00f8nt foregangsland og vise vejen til en f\u00f8devareproduktion, der skaber liv p\u00e5 landet","og_url":"https:\/\/naturogmad.dk\/index.php\/2026\/08\/30\/foedevaresystemet-skal-aendres\/","og_site_name":"Natur og mad","article_published_time":"2026-08-30T02:00:44+00:00","og_image":[{"width":1600,"height":575,"url":"https:\/\/naturogmad.dk\/wp-content\/uploads\/2026\/08\/Groentsager_3.webp","type":"image\/webp"}],"author":"Carl Andersen","twitter_card":"summary_large_image","twitter_misc":{"Skrevet af":"Carl Andersen","Estimeret l\u00e6setid":"2 minutter"},"schema":{"@context":"https:\/\/schema.org","@graph":[{"@type":"Article","@id":"https:\/\/naturogmad.dk\/index.php\/2026\/08\/30\/foedevaresystemet-skal-aendres\/#article","isPartOf":{"@id":"https:\/\/naturogmad.dk\/index.php\/2026\/08\/30\/foedevaresystemet-skal-aendres\/"},"author":{"name":"Carl Andersen","@id":"https:\/\/naturogmad.dk\/#\/schema\/person\/ef23e94eada8bd9f6ab62ebca3603546"},"headline":"F\u00f8devaresystemet skal \u00e6ndres","datePublished":"2026-08-30T02:00:44+00:00","mainEntityOfPage":{"@id":"https:\/\/naturogmad.dk\/index.php\/2026\/08\/30\/foedevaresystemet-skal-aendres\/"},"wordCount":192,"commentCount":0,"publisher":{"@id":"https:\/\/naturogmad.dk\/#organization"},"image":{"@id":"https:\/\/naturogmad.dk\/index.php\/2026\/08\/30\/foedevaresystemet-skal-aendres\/#primaryimage"},"thumbnailUrl":"https:\/\/naturogmad.dk\/wp-content\/uploads\/2026\/08\/Groentsager_3.webp","keywords":["forgangsland","gr\u00f8ntsager.\u00f8kologi"],"articleSection":["Blog","Dyrevelf\u00e6rd","Gr\u00f8ntsager","Haven","Landbrug","Livskvalitet","Mad","\u00d8kologi","Sundhed"],"inLanguage":"da-DK","potentialAction":[{"@type":"CommentAction","name":"Comment","target":["https:\/\/naturogmad.dk\/index.php\/2026\/08\/30\/foedevaresystemet-skal-aendres\/#respond"]}],"copyrightYear":"2026","copyrightHolder":{"@id":"https:\/\/naturogmad.dk\/#organization"}},{"@type":"WebPage","@id":"https:\/\/naturogmad.dk\/index.php\/2026\/08\/30\/foedevaresystemet-skal-aendres\/","url":"https:\/\/naturogmad.dk\/index.php\/2026\/08\/30\/foedevaresystemet-skal-aendres\/","name":"F\u00f8devaresystemet skal \u00e6ndres - Natur og mad","isPartOf":{"@id":"https:\/\/naturogmad.dk\/#website"},"primaryImageOfPage":{"@id":"https:\/\/naturogmad.dk\/index.php\/2026\/08\/30\/foedevaresystemet-skal-aendres\/#primaryimage"},"image":{"@id":"https:\/\/naturogmad.dk\/index.php\/2026\/08\/30\/foedevaresystemet-skal-aendres\/#primaryimage"},"thumbnailUrl":"https:\/\/naturogmad.dk\/wp-content\/uploads\/2026\/08\/Groentsager_3.webp","datePublished":"2026-08-30T02:00:44+00:00","description":"Danmark kan igen blive et gr\u00f8nt foregangsland og vise vejen til en f\u00f8devareproduktion, der skaber liv p\u00e5 landet","breadcrumb":{"@id":"https:\/\/naturogmad.dk\/index.php\/2026\/08\/30\/foedevaresystemet-skal-aendres\/#breadcrumb"},"inLanguage":"da-DK","potentialAction":[{"@type":"ReadAction","target":["https:\/\/naturogmad.dk\/index.php\/2026\/08\/30\/foedevaresystemet-skal-aendres\/"]}]},{"@type":"ImageObject","inLanguage":"da-DK","@id":"https:\/\/naturogmad.dk\/index.php\/2026\/08\/30\/foedevaresystemet-skal-aendres\/#primaryimage","url":"https:\/\/naturogmad.dk\/wp-content\/uploads\/2026\/08\/Groentsager_3.webp","contentUrl":"https:\/\/naturogmad.dk\/wp-content\/uploads\/2026\/08\/Groentsager_3.webp","width":1600,"height":575,"caption":"gr\u00f8ntsager"},{"@type":"BreadcrumbList","@id":"https:\/\/naturogmad.dk\/index.php\/2026\/08\/30\/foedevaresystemet-skal-aendres\/#breadcrumb","itemListElement":[{"@type":"ListItem","position":1,"name":"Home","item":"https:\/\/naturogmad.dk\/"},{"@type":"ListItem","position":2,"name":"F\u00f8devaresystemet skal \u00e6ndres"}]},{"@type":"WebSite","@id":"https:\/\/naturogmad.dk\/#website","url":"https:\/\/naturogmad.dk\/","name":"Natur og mad","description":"natur milj\u00f8 biodiversitet landbrug dyrevelf\u00e6rd mad","publisher":{"@id":"https:\/\/naturogmad.dk\/#organization"},"potentialAction":[{"@type":"SearchAction","target":{"@type":"EntryPoint","urlTemplate":"https:\/\/naturogmad.dk\/?s={search_term_string}"},"query-input":{"@type":"PropertyValueSpecification","valueRequired":true,"valueName":"search_term_string"}}],"inLanguage":"da-DK"},{"@type":["Organization","Place"],"@id":"https:\/\/naturogmad.dk\/#organization","name":"Natur og mad","url":"https:\/\/naturogmad.dk\/","logo":{"@id":"https:\/\/naturogmad.dk\/index.php\/2026\/08\/30\/foedevaresystemet-skal-aendres\/#local-main-organization-logo"},"image":{"@id":"https:\/\/naturogmad.dk\/index.php\/2026\/08\/30\/foedevaresystemet-skal-aendres\/#local-main-organization-logo"},"numberOfEmployees":{"@type":"QuantitativeValue","minValue":"1","maxValue":"10"},"telephone":[],"openingHoursSpecification":[{"@type":"OpeningHoursSpecification","dayOfWeek":["Monday","Tuesday","Wednesday","Thursday","Friday","Saturday","Sunday"],"opens":"09:00","closes":"17:00"}]},{"@type":"Person","@id":"https:\/\/naturogmad.dk\/#\/schema\/person\/ef23e94eada8bd9f6ab62ebca3603546","name":"Carl Andersen","image":{"@type":"ImageObject","inLanguage":"da-DK","@id":"https:\/\/secure.gravatar.com\/avatar\/683d98ff87f1da959f39319e9373482403c78a388a9701137f80709179fec0b3?s=96&d=mm&r=g","url":"https:\/\/secure.gravatar.com\/avatar\/683d98ff87f1da959f39319e9373482403c78a388a9701137f80709179fec0b3?s=96&d=mm&r=g","contentUrl":"https:\/\/secure.gravatar.com\/avatar\/683d98ff87f1da959f39319e9373482403c78a388a9701137f80709179fec0b3?s=96&d=mm&r=g","caption":"Carl Andersen"},"sameAs":["https:\/\/naturogmad.dk"],"url":"https:\/\/naturogmad.dk\/index.php\/author\/admin\/"},{"@type":"ImageObject","inLanguage":"da-DK","@id":"https:\/\/naturogmad.dk\/index.php\/2026\/08\/30\/foedevaresystemet-skal-aendres\/#local-main-organization-logo","url":"https:\/\/naturogmad.dk\/wp-content\/uploads\/2026\/02\/cropped-ikon.webp","contentUrl":"https:\/\/naturogmad.dk\/wp-content\/uploads\/2026\/02\/cropped-ikon.webp","width":512,"height":512,"caption":"Natur og mad"}]}},"_links":{"self":[{"href":"https:\/\/naturogmad.dk\/index.php\/wp-json\/wp\/v2\/posts\/2732","targetHints":{"allow":["GET"]}}],"collection":[{"href":"https:\/\/naturogmad.dk\/index.php\/wp-json\/wp\/v2\/posts"}],"about":[{"href":"https:\/\/naturogmad.dk\/index.php\/wp-json\/wp\/v2\/types\/post"}],"author":[{"embeddable":true,"href":"https:\/\/naturogmad.dk\/index.php\/wp-json\/wp\/v2\/users\/1"}],"replies":[{"embeddable":true,"href":"https:\/\/naturogmad.dk\/index.php\/wp-json\/wp\/v2\/comments?post=2732"}],"version-history":[{"count":3,"href":"https:\/\/naturogmad.dk\/index.php\/wp-json\/wp\/v2\/posts\/2732\/revisions"}],"predecessor-version":[{"id":2734,"href":"https:\/\/naturogmad.dk\/index.php\/wp-json\/wp\/v2\/posts\/2732\/revisions\/2734"}],"wp:featuredmedia":[{"embeddable":true,"href":"https:\/\/naturogmad.dk\/index.php\/wp-json\/wp\/v2\/media\/2735"}],"wp:attachment":[{"href":"https:\/\/naturogmad.dk\/index.php\/wp-json\/wp\/v2\/media?parent=2732"}],"wp:term":[{"taxonomy":"category","embeddable":true,"href":"https:\/\/naturogmad.dk\/index.php\/wp-json\/wp\/v2\/categories?post=2732"},{"taxonomy":"post_tag","embeddable":true,"href":"https:\/\/naturogmad.dk\/index.php\/wp-json\/wp\/v2\/tags?post=2732"}],"curies":[{"name":"wp","href":"https:\/\/api.w.org\/{rel}","templated":true}]}}