{"id":1765,"date":"2026-04-28T05:58:22","date_gmt":"2026-04-28T04:58:22","guid":{"rendered":"https:\/\/naturogmad.dk\/?p=1765"},"modified":"2026-04-28T06:09:02","modified_gmt":"2026-04-28T05:09:02","slug":"statsrevisorers-kritik-af-dobbelt-svigt-af-grisene","status":"publish","type":"post","link":"https:\/\/naturogmad.dk\/index.php\/2026\/04\/28\/statsrevisorers-kritik-af-dobbelt-svigt-af-grisene\/","title":{"rendered":"Statsrevisorers kritik af dobbelt-svigt af grisene"},"content":{"rendered":"<h3>Statsrevisorerne retter skarp kritik af kontrollen af grises velf\u00e6rd. <\/h3>\n<p>Skandal\u00f8st, lyder reaktionen fra Dyrenes Beskyttelse, der kr\u00e6ver, at en ny regering \u00e9n gang for alle rydder op i \u00e5rtiers politiske svigt.<\/p>\n<p>P\u00e5 baggrund af <a href=\"https:\/\/www.ft.dk\/da\/statsrevisorerne\/nyheder\/2026\/04\/statsrevisorerne-kommer-med-skarp-kritik-af-kontrollen-med-dyrevelfaerden-hos-danske-grise\" target=\"_blank\">Rigsrevisionens beretning<\/a>om kontrollen af grises velf\u00e6rd retter Statsrevisorerne nu en skarp kritik af Ministeriet for F\u00f8devarer, Landbrug og Fiskeri samt Ministeriet for Gr\u00f8n Trepart. <\/p>\n<p>Fra Dyrenes Beskyttelse m\u00f8der kritikken fuld opbakning.<\/p>\n<p>\u201dRigsrevisionens beretning dokumenterer det, vi har advaret om i \u00e5revis: P\u00e5 svineomr\u00e5det stopper retssikkerheden ved staldd\u00f8ren. <\/p>\n<p>Kontrollerne sikrer ikke dyrene det minimum af beskyttelse, de if\u00f8lge loven har krav p\u00e5. Danske grise bliver udsat for et politisk dobbelt-svigt: <\/p>\n<p>F\u00f8rst af en utilstr\u00e6kkelig lovgivning og derefter af en kontrol, der ikke h\u00e5ndh\u00e6ver den. For grisene er loven ikke er det papir v\u00e6rd, som den er skrevet p\u00e5,\u201d siger Britta Riis, direkt\u00f8r i Dyrenes Beskyttelse.<\/p>\n<p>Kildehenvisning:<\/p>\n<p>\u201cStatsrevisorers skarpe kritik dokumenterer \u00e5rtiers politisk dobbelt-svigt af grisene\u201d 27. april 2026 Ida Maria Just<br \/>\ndyrenesbeskyttelse.dk<br \/>\n<a href=\"https:\/\/www.dyrenesbeskyttelse.dk\/artikler\/statsrevisorers-skarpe-kritik-dokumenterer-aartiers-politisk-dobbelt-svigt-af-grisene?\" target=\"_blank\">https:\/\/www.dyrenesbeskyttelse.dk\/artikler\/statsrevisorers-skarpe-kritik-dokumenterer-aartiers-politisk-dobbelt-svigt-af-grisene?<\/a><\/p>\n","protected":false},"excerpt":{"rendered":"<p>Statsrevisorerne retter skarp kritik af kontrollen af grises velf\u00e6rd. Skandal\u00f8st, lyder reaktionen fra Dyrenes Beskyttelse, der kr\u00e6ver, at en ny regering \u00e9n gang for alle rydder op i \u00e5rtiers politiske&hellip;<\/p>\n","protected":false},"author":1,"featured_media":1766,"comment_status":"open","ping_status":"open","sticky":false,"template":"","format":"standard","meta":{"footnotes":""},"categories":[2,64,63,60],"tags":[65],"class_list":["post-1765","post","type-post","status-publish","format-standard","has-post-thumbnail","hentry","category-blog","category-dyrevelfaerd","category-etik","category-landbrug","tag-etik-dyrevelfaerd"],"yoast_head":"<!-- This site is optimized with the Yoast SEO Premium plugin v27.4 (Yoast SEO v27.4) - https:\/\/yoast.com\/product\/yoast-seo-premium-wordpress\/ -->\n<title>Statsrevisorers kritik af dobbelt-svigt af grisene - Natur og mad<\/title>\n<meta name=\"description\" content=\"Statsrevisorerne retter skarp kritik af kontrollen af grises velf\u00e6rd. Skandal\u00f8st, lyder reaktionen fra Dyrenes Beskyttelse\" \/>\n<meta name=\"robots\" content=\"index, follow, max-snippet:-1, max-image-preview:large, max-video-preview:-1\" \/>\n<link rel=\"canonical\" href=\"https:\/\/naturogmad.dk\/index.php\/2026\/04\/28\/statsrevisorers-kritik-af-dobbelt-svigt-af-grisene\/\" \/>\n<meta property=\"og:locale\" content=\"da_DK\" \/>\n<meta property=\"og:type\" content=\"article\" \/>\n<meta property=\"og:title\" content=\"Statsrevisorers kritik af dobbelt-svigt af grisene\" \/>\n<meta property=\"og:description\" content=\"Statsrevisorerne retter skarp kritik af kontrollen af grises velf\u00e6rd. Skandal\u00f8st, lyder reaktionen fra Dyrenes Beskyttelse\" \/>\n<meta property=\"og:url\" content=\"https:\/\/naturogmad.dk\/index.php\/2026\/04\/28\/statsrevisorers-kritik-af-dobbelt-svigt-af-grisene\/\" \/>\n<meta property=\"og:site_name\" content=\"Natur og mad\" \/>\n<meta property=\"article:published_time\" content=\"2026-04-28T04:58:22+00:00\" \/>\n<meta property=\"article:modified_time\" content=\"2026-04-28T05:09:02+00:00\" \/>\n<meta property=\"og:image\" content=\"https:\/\/naturogmad.dk\/wp-content\/uploads\/2026\/04\/Grise_10.webp\" \/>\n\t<meta property=\"og:image:width\" content=\"1600\" \/>\n\t<meta property=\"og:image:height\" content=\"575\" \/>\n\t<meta property=\"og:image:type\" content=\"image\/webp\" \/>\n<meta name=\"author\" content=\"Carl Andersen\" \/>\n<meta name=\"twitter:card\" content=\"summary_large_image\" \/>\n<meta name=\"twitter:label1\" content=\"Skrevet af\" \/>\n\t<meta name=\"twitter:data1\" content=\"Carl Andersen\" \/>\n\t<meta name=\"twitter:label2\" content=\"Estimeret l\u00e6setid\" \/>\n\t<meta name=\"twitter:data2\" content=\"2 minutter\" \/>\n<script type=\"application\/ld+json\" class=\"yoast-schema-graph\">{\"@context\":\"https:\\\/\\\/schema.org\",\"@graph\":[{\"@type\":\"Article\",\"@id\":\"https:\\\/\\\/naturogmad.dk\\\/index.php\\\/2026\\\/04\\\/28\\\/statsrevisorers-kritik-af-dobbelt-svigt-af-grisene\\\/#article\",\"isPartOf\":{\"@id\":\"https:\\\/\\\/naturogmad.dk\\\/index.php\\\/2026\\\/04\\\/28\\\/statsrevisorers-kritik-af-dobbelt-svigt-af-grisene\\\/\"},\"author\":{\"name\":\"Carl Andersen\",\"@id\":\"https:\\\/\\\/naturogmad.dk\\\/#\\\/schema\\\/person\\\/ef23e94eada8bd9f6ab62ebca3603546\"},\"headline\":\"Statsrevisorers kritik af dobbelt-svigt af grisene\",\"datePublished\":\"2026-04-28T04:58:22+00:00\",\"dateModified\":\"2026-04-28T05:09:02+00:00\",\"mainEntityOfPage\":{\"@id\":\"https:\\\/\\\/naturogmad.dk\\\/index.php\\\/2026\\\/04\\\/28\\\/statsrevisorers-kritik-af-dobbelt-svigt-af-grisene\\\/\"},\"wordCount\":182,\"commentCount\":0,\"publisher\":{\"@id\":\"https:\\\/\\\/naturogmad.dk\\\/#organization\"},\"image\":{\"@id\":\"https:\\\/\\\/naturogmad.dk\\\/index.php\\\/2026\\\/04\\\/28\\\/statsrevisorers-kritik-af-dobbelt-svigt-af-grisene\\\/#primaryimage\"},\"thumbnailUrl\":\"https:\\\/\\\/naturogmad.dk\\\/wp-content\\\/uploads\\\/2026\\\/04\\\/Grise_10.webp\",\"keywords\":[\"etik.dyrevelf\u00e6rd\"],\"articleSection\":[\"Blog\",\"Dyrevelf\u00e6rd\",\"Etik\",\"Landbrug\"],\"inLanguage\":\"da-DK\",\"potentialAction\":[{\"@type\":\"CommentAction\",\"name\":\"Comment\",\"target\":[\"https:\\\/\\\/naturogmad.dk\\\/index.php\\\/2026\\\/04\\\/28\\\/statsrevisorers-kritik-af-dobbelt-svigt-af-grisene\\\/#respond\"]}],\"copyrightYear\":\"2026\",\"copyrightHolder\":{\"@id\":\"https:\\\/\\\/naturogmad.dk\\\/#organization\"}},{\"@type\":\"WebPage\",\"@id\":\"https:\\\/\\\/naturogmad.dk\\\/index.php\\\/2026\\\/04\\\/28\\\/statsrevisorers-kritik-af-dobbelt-svigt-af-grisene\\\/\",\"url\":\"https:\\\/\\\/naturogmad.dk\\\/index.php\\\/2026\\\/04\\\/28\\\/statsrevisorers-kritik-af-dobbelt-svigt-af-grisene\\\/\",\"name\":\"Statsrevisorers kritik af dobbelt-svigt af grisene - Natur og mad\",\"isPartOf\":{\"@id\":\"https:\\\/\\\/naturogmad.dk\\\/#website\"},\"primaryImageOfPage\":{\"@id\":\"https:\\\/\\\/naturogmad.dk\\\/index.php\\\/2026\\\/04\\\/28\\\/statsrevisorers-kritik-af-dobbelt-svigt-af-grisene\\\/#primaryimage\"},\"image\":{\"@id\":\"https:\\\/\\\/naturogmad.dk\\\/index.php\\\/2026\\\/04\\\/28\\\/statsrevisorers-kritik-af-dobbelt-svigt-af-grisene\\\/#primaryimage\"},\"thumbnailUrl\":\"https:\\\/\\\/naturogmad.dk\\\/wp-content\\\/uploads\\\/2026\\\/04\\\/Grise_10.webp\",\"datePublished\":\"2026-04-28T04:58:22+00:00\",\"dateModified\":\"2026-04-28T05:09:02+00:00\",\"description\":\"Statsrevisorerne retter skarp kritik af kontrollen af grises velf\u00e6rd. Skandal\u00f8st, lyder reaktionen fra Dyrenes Beskyttelse\",\"breadcrumb\":{\"@id\":\"https:\\\/\\\/naturogmad.dk\\\/index.php\\\/2026\\\/04\\\/28\\\/statsrevisorers-kritik-af-dobbelt-svigt-af-grisene\\\/#breadcrumb\"},\"inLanguage\":\"da-DK\",\"potentialAction\":[{\"@type\":\"ReadAction\",\"target\":[\"https:\\\/\\\/naturogmad.dk\\\/index.php\\\/2026\\\/04\\\/28\\\/statsrevisorers-kritik-af-dobbelt-svigt-af-grisene\\\/\"]}]},{\"@type\":\"ImageObject\",\"inLanguage\":\"da-DK\",\"@id\":\"https:\\\/\\\/naturogmad.dk\\\/index.php\\\/2026\\\/04\\\/28\\\/statsrevisorers-kritik-af-dobbelt-svigt-af-grisene\\\/#primaryimage\",\"url\":\"https:\\\/\\\/naturogmad.dk\\\/wp-content\\\/uploads\\\/2026\\\/04\\\/Grise_10.webp\",\"contentUrl\":\"https:\\\/\\\/naturogmad.dk\\\/wp-content\\\/uploads\\\/2026\\\/04\\\/Grise_10.webp\",\"width\":1600,\"height\":575,\"caption\":\"grise\"},{\"@type\":\"BreadcrumbList\",\"@id\":\"https:\\\/\\\/naturogmad.dk\\\/index.php\\\/2026\\\/04\\\/28\\\/statsrevisorers-kritik-af-dobbelt-svigt-af-grisene\\\/#breadcrumb\",\"itemListElement\":[{\"@type\":\"ListItem\",\"position\":1,\"name\":\"Home\",\"item\":\"https:\\\/\\\/naturogmad.dk\\\/\"},{\"@type\":\"ListItem\",\"position\":2,\"name\":\"Statsrevisorers kritik af dobbelt-svigt af grisene\"}]},{\"@type\":\"WebSite\",\"@id\":\"https:\\\/\\\/naturogmad.dk\\\/#website\",\"url\":\"https:\\\/\\\/naturogmad.dk\\\/\",\"name\":\"Natur og mad\",\"description\":\"natur milj\u00f8 biodiversitet landbrug dyrevelf\u00e6rd mad\",\"publisher\":{\"@id\":\"https:\\\/\\\/naturogmad.dk\\\/#organization\"},\"potentialAction\":[{\"@type\":\"SearchAction\",\"target\":{\"@type\":\"EntryPoint\",\"urlTemplate\":\"https:\\\/\\\/naturogmad.dk\\\/?s={search_term_string}\"},\"query-input\":{\"@type\":\"PropertyValueSpecification\",\"valueRequired\":true,\"valueName\":\"search_term_string\"}}],\"inLanguage\":\"da-DK\"},{\"@type\":[\"Organization\",\"Place\"],\"@id\":\"https:\\\/\\\/naturogmad.dk\\\/#organization\",\"name\":\"Natur og mad\",\"url\":\"https:\\\/\\\/naturogmad.dk\\\/\",\"logo\":{\"@id\":\"https:\\\/\\\/naturogmad.dk\\\/index.php\\\/2026\\\/04\\\/28\\\/statsrevisorers-kritik-af-dobbelt-svigt-af-grisene\\\/#local-main-organization-logo\"},\"image\":{\"@id\":\"https:\\\/\\\/naturogmad.dk\\\/index.php\\\/2026\\\/04\\\/28\\\/statsrevisorers-kritik-af-dobbelt-svigt-af-grisene\\\/#local-main-organization-logo\"},\"numberOfEmployees\":{\"@type\":\"QuantitativeValue\",\"minValue\":\"1\",\"maxValue\":\"10\"},\"telephone\":[],\"openingHoursSpecification\":[{\"@type\":\"OpeningHoursSpecification\",\"dayOfWeek\":[\"Monday\",\"Tuesday\",\"Wednesday\",\"Thursday\",\"Friday\",\"Saturday\",\"Sunday\"],\"opens\":\"09:00\",\"closes\":\"17:00\"}]},{\"@type\":\"Person\",\"@id\":\"https:\\\/\\\/naturogmad.dk\\\/#\\\/schema\\\/person\\\/ef23e94eada8bd9f6ab62ebca3603546\",\"name\":\"Carl Andersen\",\"image\":{\"@type\":\"ImageObject\",\"inLanguage\":\"da-DK\",\"@id\":\"https:\\\/\\\/secure.gravatar.com\\\/avatar\\\/683d98ff87f1da959f39319e9373482403c78a388a9701137f80709179fec0b3?s=96&d=mm&r=g\",\"url\":\"https:\\\/\\\/secure.gravatar.com\\\/avatar\\\/683d98ff87f1da959f39319e9373482403c78a388a9701137f80709179fec0b3?s=96&d=mm&r=g\",\"contentUrl\":\"https:\\\/\\\/secure.gravatar.com\\\/avatar\\\/683d98ff87f1da959f39319e9373482403c78a388a9701137f80709179fec0b3?s=96&d=mm&r=g\",\"caption\":\"Carl Andersen\"},\"sameAs\":[\"https:\\\/\\\/naturogmad.dk\"],\"url\":\"https:\\\/\\\/naturogmad.dk\\\/index.php\\\/author\\\/admin\\\/\"},{\"@type\":\"ImageObject\",\"inLanguage\":\"da-DK\",\"@id\":\"https:\\\/\\\/naturogmad.dk\\\/index.php\\\/2026\\\/04\\\/28\\\/statsrevisorers-kritik-af-dobbelt-svigt-af-grisene\\\/#local-main-organization-logo\",\"url\":\"https:\\\/\\\/naturogmad.dk\\\/wp-content\\\/uploads\\\/2026\\\/02\\\/cropped-ikon.webp\",\"contentUrl\":\"https:\\\/\\\/naturogmad.dk\\\/wp-content\\\/uploads\\\/2026\\\/02\\\/cropped-ikon.webp\",\"width\":512,\"height\":512,\"caption\":\"Natur og mad\"}]}<\/script>\n<!-- \/ Yoast SEO Premium plugin. -->","yoast_head_json":{"title":"Statsrevisorers kritik af dobbelt-svigt af grisene - Natur og mad","description":"Statsrevisorerne retter skarp kritik af kontrollen af grises velf\u00e6rd. Skandal\u00f8st, lyder reaktionen fra Dyrenes Beskyttelse","robots":{"index":"index","follow":"follow","max-snippet":"max-snippet:-1","max-image-preview":"max-image-preview:large","max-video-preview":"max-video-preview:-1"},"canonical":"https:\/\/naturogmad.dk\/index.php\/2026\/04\/28\/statsrevisorers-kritik-af-dobbelt-svigt-af-grisene\/","og_locale":"da_DK","og_type":"article","og_title":"Statsrevisorers kritik af dobbelt-svigt af grisene","og_description":"Statsrevisorerne retter skarp kritik af kontrollen af grises velf\u00e6rd. Skandal\u00f8st, lyder reaktionen fra Dyrenes Beskyttelse","og_url":"https:\/\/naturogmad.dk\/index.php\/2026\/04\/28\/statsrevisorers-kritik-af-dobbelt-svigt-af-grisene\/","og_site_name":"Natur og mad","article_published_time":"2026-04-28T04:58:22+00:00","article_modified_time":"2026-04-28T05:09:02+00:00","og_image":[{"width":1600,"height":575,"url":"https:\/\/naturogmad.dk\/wp-content\/uploads\/2026\/04\/Grise_10.webp","type":"image\/webp"}],"author":"Carl Andersen","twitter_card":"summary_large_image","twitter_misc":{"Skrevet af":"Carl Andersen","Estimeret l\u00e6setid":"2 minutter"},"schema":{"@context":"https:\/\/schema.org","@graph":[{"@type":"Article","@id":"https:\/\/naturogmad.dk\/index.php\/2026\/04\/28\/statsrevisorers-kritik-af-dobbelt-svigt-af-grisene\/#article","isPartOf":{"@id":"https:\/\/naturogmad.dk\/index.php\/2026\/04\/28\/statsrevisorers-kritik-af-dobbelt-svigt-af-grisene\/"},"author":{"name":"Carl Andersen","@id":"https:\/\/naturogmad.dk\/#\/schema\/person\/ef23e94eada8bd9f6ab62ebca3603546"},"headline":"Statsrevisorers kritik af dobbelt-svigt af grisene","datePublished":"2026-04-28T04:58:22+00:00","dateModified":"2026-04-28T05:09:02+00:00","mainEntityOfPage":{"@id":"https:\/\/naturogmad.dk\/index.php\/2026\/04\/28\/statsrevisorers-kritik-af-dobbelt-svigt-af-grisene\/"},"wordCount":182,"commentCount":0,"publisher":{"@id":"https:\/\/naturogmad.dk\/#organization"},"image":{"@id":"https:\/\/naturogmad.dk\/index.php\/2026\/04\/28\/statsrevisorers-kritik-af-dobbelt-svigt-af-grisene\/#primaryimage"},"thumbnailUrl":"https:\/\/naturogmad.dk\/wp-content\/uploads\/2026\/04\/Grise_10.webp","keywords":["etik.dyrevelf\u00e6rd"],"articleSection":["Blog","Dyrevelf\u00e6rd","Etik","Landbrug"],"inLanguage":"da-DK","potentialAction":[{"@type":"CommentAction","name":"Comment","target":["https:\/\/naturogmad.dk\/index.php\/2026\/04\/28\/statsrevisorers-kritik-af-dobbelt-svigt-af-grisene\/#respond"]}],"copyrightYear":"2026","copyrightHolder":{"@id":"https:\/\/naturogmad.dk\/#organization"}},{"@type":"WebPage","@id":"https:\/\/naturogmad.dk\/index.php\/2026\/04\/28\/statsrevisorers-kritik-af-dobbelt-svigt-af-grisene\/","url":"https:\/\/naturogmad.dk\/index.php\/2026\/04\/28\/statsrevisorers-kritik-af-dobbelt-svigt-af-grisene\/","name":"Statsrevisorers kritik af dobbelt-svigt af grisene - Natur og mad","isPartOf":{"@id":"https:\/\/naturogmad.dk\/#website"},"primaryImageOfPage":{"@id":"https:\/\/naturogmad.dk\/index.php\/2026\/04\/28\/statsrevisorers-kritik-af-dobbelt-svigt-af-grisene\/#primaryimage"},"image":{"@id":"https:\/\/naturogmad.dk\/index.php\/2026\/04\/28\/statsrevisorers-kritik-af-dobbelt-svigt-af-grisene\/#primaryimage"},"thumbnailUrl":"https:\/\/naturogmad.dk\/wp-content\/uploads\/2026\/04\/Grise_10.webp","datePublished":"2026-04-28T04:58:22+00:00","dateModified":"2026-04-28T05:09:02+00:00","description":"Statsrevisorerne retter skarp kritik af kontrollen af grises velf\u00e6rd. Skandal\u00f8st, lyder reaktionen fra Dyrenes Beskyttelse","breadcrumb":{"@id":"https:\/\/naturogmad.dk\/index.php\/2026\/04\/28\/statsrevisorers-kritik-af-dobbelt-svigt-af-grisene\/#breadcrumb"},"inLanguage":"da-DK","potentialAction":[{"@type":"ReadAction","target":["https:\/\/naturogmad.dk\/index.php\/2026\/04\/28\/statsrevisorers-kritik-af-dobbelt-svigt-af-grisene\/"]}]},{"@type":"ImageObject","inLanguage":"da-DK","@id":"https:\/\/naturogmad.dk\/index.php\/2026\/04\/28\/statsrevisorers-kritik-af-dobbelt-svigt-af-grisene\/#primaryimage","url":"https:\/\/naturogmad.dk\/wp-content\/uploads\/2026\/04\/Grise_10.webp","contentUrl":"https:\/\/naturogmad.dk\/wp-content\/uploads\/2026\/04\/Grise_10.webp","width":1600,"height":575,"caption":"grise"},{"@type":"BreadcrumbList","@id":"https:\/\/naturogmad.dk\/index.php\/2026\/04\/28\/statsrevisorers-kritik-af-dobbelt-svigt-af-grisene\/#breadcrumb","itemListElement":[{"@type":"ListItem","position":1,"name":"Home","item":"https:\/\/naturogmad.dk\/"},{"@type":"ListItem","position":2,"name":"Statsrevisorers kritik af dobbelt-svigt af grisene"}]},{"@type":"WebSite","@id":"https:\/\/naturogmad.dk\/#website","url":"https:\/\/naturogmad.dk\/","name":"Natur og mad","description":"natur milj\u00f8 biodiversitet landbrug dyrevelf\u00e6rd mad","publisher":{"@id":"https:\/\/naturogmad.dk\/#organization"},"potentialAction":[{"@type":"SearchAction","target":{"@type":"EntryPoint","urlTemplate":"https:\/\/naturogmad.dk\/?s={search_term_string}"},"query-input":{"@type":"PropertyValueSpecification","valueRequired":true,"valueName":"search_term_string"}}],"inLanguage":"da-DK"},{"@type":["Organization","Place"],"@id":"https:\/\/naturogmad.dk\/#organization","name":"Natur og mad","url":"https:\/\/naturogmad.dk\/","logo":{"@id":"https:\/\/naturogmad.dk\/index.php\/2026\/04\/28\/statsrevisorers-kritik-af-dobbelt-svigt-af-grisene\/#local-main-organization-logo"},"image":{"@id":"https:\/\/naturogmad.dk\/index.php\/2026\/04\/28\/statsrevisorers-kritik-af-dobbelt-svigt-af-grisene\/#local-main-organization-logo"},"numberOfEmployees":{"@type":"QuantitativeValue","minValue":"1","maxValue":"10"},"telephone":[],"openingHoursSpecification":[{"@type":"OpeningHoursSpecification","dayOfWeek":["Monday","Tuesday","Wednesday","Thursday","Friday","Saturday","Sunday"],"opens":"09:00","closes":"17:00"}]},{"@type":"Person","@id":"https:\/\/naturogmad.dk\/#\/schema\/person\/ef23e94eada8bd9f6ab62ebca3603546","name":"Carl Andersen","image":{"@type":"ImageObject","inLanguage":"da-DK","@id":"https:\/\/secure.gravatar.com\/avatar\/683d98ff87f1da959f39319e9373482403c78a388a9701137f80709179fec0b3?s=96&d=mm&r=g","url":"https:\/\/secure.gravatar.com\/avatar\/683d98ff87f1da959f39319e9373482403c78a388a9701137f80709179fec0b3?s=96&d=mm&r=g","contentUrl":"https:\/\/secure.gravatar.com\/avatar\/683d98ff87f1da959f39319e9373482403c78a388a9701137f80709179fec0b3?s=96&d=mm&r=g","caption":"Carl Andersen"},"sameAs":["https:\/\/naturogmad.dk"],"url":"https:\/\/naturogmad.dk\/index.php\/author\/admin\/"},{"@type":"ImageObject","inLanguage":"da-DK","@id":"https:\/\/naturogmad.dk\/index.php\/2026\/04\/28\/statsrevisorers-kritik-af-dobbelt-svigt-af-grisene\/#local-main-organization-logo","url":"https:\/\/naturogmad.dk\/wp-content\/uploads\/2026\/02\/cropped-ikon.webp","contentUrl":"https:\/\/naturogmad.dk\/wp-content\/uploads\/2026\/02\/cropped-ikon.webp","width":512,"height":512,"caption":"Natur og mad"}]}},"_links":{"self":[{"href":"https:\/\/naturogmad.dk\/index.php\/wp-json\/wp\/v2\/posts\/1765","targetHints":{"allow":["GET"]}}],"collection":[{"href":"https:\/\/naturogmad.dk\/index.php\/wp-json\/wp\/v2\/posts"}],"about":[{"href":"https:\/\/naturogmad.dk\/index.php\/wp-json\/wp\/v2\/types\/post"}],"author":[{"embeddable":true,"href":"https:\/\/naturogmad.dk\/index.php\/wp-json\/wp\/v2\/users\/1"}],"replies":[{"embeddable":true,"href":"https:\/\/naturogmad.dk\/index.php\/wp-json\/wp\/v2\/comments?post=1765"}],"version-history":[{"count":4,"href":"https:\/\/naturogmad.dk\/index.php\/wp-json\/wp\/v2\/posts\/1765\/revisions"}],"predecessor-version":[{"id":1770,"href":"https:\/\/naturogmad.dk\/index.php\/wp-json\/wp\/v2\/posts\/1765\/revisions\/1770"}],"wp:featuredmedia":[{"embeddable":true,"href":"https:\/\/naturogmad.dk\/index.php\/wp-json\/wp\/v2\/media\/1766"}],"wp:attachment":[{"href":"https:\/\/naturogmad.dk\/index.php\/wp-json\/wp\/v2\/media?parent=1765"}],"wp:term":[{"taxonomy":"category","embeddable":true,"href":"https:\/\/naturogmad.dk\/index.php\/wp-json\/wp\/v2\/categories?post=1765"},{"taxonomy":"post_tag","embeddable":true,"href":"https:\/\/naturogmad.dk\/index.php\/wp-json\/wp\/v2\/tags?post=1765"}],"curies":[{"name":"wp","href":"https:\/\/api.w.org\/{rel}","templated":true}]}}