{"id":1750,"date":"2026-04-26T08:05:54","date_gmt":"2026-04-26T07:05:54","guid":{"rendered":"https:\/\/naturogmad.dk\/?p=1750"},"modified":"2026-04-26T08:07:52","modified_gmt":"2026-04-26T07:07:52","slug":"naesten-vaek-i-100-aar","status":"publish","type":"post","link":"https:\/\/naturogmad.dk\/index.php\/2026\/04\/26\/naesten-vaek-i-100-aar\/","title":{"rendered":"N\u00e6sten v\u00e6k i 100 \u00e5r"},"content":{"rendered":"<p>Bl\u00e5hals er den bl\u00e5 udgave af r\u00f8dhalsen, blot mere slank og langbenet. Den har en markant hvid \u00f8jenbrynstribe, en brunlig overside og en sort hale med rustr\u00f8de sider. <\/p>\n<p>Bl\u00e5halsen har i de senere \u00e5r haft massiv medvind i den danske natur. Den lille fugl er ogs\u00e5 kendt som nordens nattergal, og lige nu h\u00f8res dens smukke sang overalt i landet.<\/p>\n<p>Den yngler is\u00e6r ved vandl\u00f8b med tagr\u00f8r og dr\u00e6ngr\u00f8fter og foretr\u00e6kker lav vegetation med kratbevoksning op til \u00e5bne omr\u00e5der.<\/p>\n<p>Fuglene opholder sig t\u00e6t p\u00e5 jorden, hvor de s\u00f8ger efter insekter og edderkopper.<\/p>\n<p>Kildehenvisning:<\/p>\n<p>\u201cDen var v\u00e6k i n\u00e6sten 100 \u00e5r \u2013 nu kan du h\u00f8re den overalt\u201d 20. april 2026 nyheder<br \/>\ndn.dk<br \/>\n<a href=\"https:\/\/www.dn.dk\/nyheder\/2026\/den-var-vaek-i-naesten-100-ar-nu-kan-du-hore-den-overalt\/\" target=\"_blank\">https:\/\/www.dn.dk\/nyheder\/2026\/den-var-vaek-i-naesten-100-ar-nu-kan-du-hore-den-overalt\/<\/a><\/p>\n","protected":false},"excerpt":{"rendered":"<p>Bl\u00e5hals er den bl\u00e5 udgave af r\u00f8dhalsen, blot mere slank og langbenet. Den har en markant hvid \u00f8jenbrynstribe, en brunlig overside og en sort hale med rustr\u00f8de sider. Bl\u00e5halsen har&hellip;<\/p>\n","protected":false},"author":1,"featured_media":1751,"comment_status":"open","ping_status":"open","sticky":false,"template":"","format":"standard","meta":{"footnotes":""},"categories":[100,2,97,114,91],"tags":[176],"class_list":["post-1750","post","type-post","status-publish","format-standard","has-post-thumbnail","hentry","category-bioversitet","category-blog","category-dyr","category-fugle","category-natur","tag-fugle-blaahals"],"yoast_head":"<!-- This site is optimized with the Yoast SEO Premium plugin v27.4 (Yoast SEO v27.4) - https:\/\/yoast.com\/product\/yoast-seo-premium-wordpress\/ -->\n<title>N\u00e6sten v\u00e6k i 100 \u00e5r - Natur og mad<\/title>\n<meta name=\"description\" content=\"Bl\u00e5hals er den bl\u00e5 udgave af r\u00f8dhalsen, blot mere slank og langbenet. Den har en markant hvid \u00f8jenbrynstribe\" \/>\n<meta name=\"robots\" content=\"index, follow, max-snippet:-1, max-image-preview:large, max-video-preview:-1\" \/>\n<link rel=\"canonical\" href=\"https:\/\/naturogmad.dk\/index.php\/2026\/04\/26\/naesten-vaek-i-100-aar\/\" \/>\n<meta property=\"og:locale\" content=\"da_DK\" \/>\n<meta property=\"og:type\" content=\"article\" \/>\n<meta property=\"og:title\" content=\"N\u00e6sten v\u00e6k i 100 \u00e5r\" \/>\n<meta property=\"og:description\" content=\"Bl\u00e5hals er den bl\u00e5 udgave af r\u00f8dhalsen, blot mere slank og langbenet. Den har en markant hvid \u00f8jenbrynstribe\" \/>\n<meta property=\"og:url\" content=\"https:\/\/naturogmad.dk\/index.php\/2026\/04\/26\/naesten-vaek-i-100-aar\/\" \/>\n<meta property=\"og:site_name\" content=\"Natur og mad\" \/>\n<meta property=\"article:published_time\" content=\"2026-04-26T07:05:54+00:00\" \/>\n<meta property=\"article:modified_time\" content=\"2026-04-26T07:07:52+00:00\" \/>\n<meta property=\"og:image\" content=\"https:\/\/naturogmad.dk\/wp-content\/uploads\/2026\/04\/Blaahals_1.webp\" \/>\n\t<meta property=\"og:image:width\" content=\"1600\" \/>\n\t<meta property=\"og:image:height\" content=\"575\" \/>\n\t<meta property=\"og:image:type\" content=\"image\/webp\" \/>\n<meta name=\"author\" content=\"Carl Andersen\" \/>\n<meta name=\"twitter:card\" content=\"summary_large_image\" \/>\n<meta name=\"twitter:label1\" content=\"Skrevet af\" \/>\n\t<meta name=\"twitter:data1\" content=\"Carl Andersen\" \/>\n\t<meta name=\"twitter:label2\" content=\"Estimeret l\u00e6setid\" \/>\n\t<meta name=\"twitter:data2\" content=\"1 minut\" \/>\n<script type=\"application\/ld+json\" class=\"yoast-schema-graph\">{\"@context\":\"https:\\\/\\\/schema.org\",\"@graph\":[{\"@type\":\"Article\",\"@id\":\"https:\\\/\\\/naturogmad.dk\\\/index.php\\\/2026\\\/04\\\/26\\\/naesten-vaek-i-100-aar\\\/#article\",\"isPartOf\":{\"@id\":\"https:\\\/\\\/naturogmad.dk\\\/index.php\\\/2026\\\/04\\\/26\\\/naesten-vaek-i-100-aar\\\/\"},\"author\":{\"name\":\"Carl Andersen\",\"@id\":\"https:\\\/\\\/naturogmad.dk\\\/#\\\/schema\\\/person\\\/ef23e94eada8bd9f6ab62ebca3603546\"},\"headline\":\"N\u00e6sten v\u00e6k i 100 \u00e5r\",\"datePublished\":\"2026-04-26T07:05:54+00:00\",\"dateModified\":\"2026-04-26T07:07:52+00:00\",\"mainEntityOfPage\":{\"@id\":\"https:\\\/\\\/naturogmad.dk\\\/index.php\\\/2026\\\/04\\\/26\\\/naesten-vaek-i-100-aar\\\/\"},\"wordCount\":139,\"commentCount\":0,\"publisher\":{\"@id\":\"https:\\\/\\\/naturogmad.dk\\\/#organization\"},\"image\":{\"@id\":\"https:\\\/\\\/naturogmad.dk\\\/index.php\\\/2026\\\/04\\\/26\\\/naesten-vaek-i-100-aar\\\/#primaryimage\"},\"thumbnailUrl\":\"https:\\\/\\\/naturogmad.dk\\\/wp-content\\\/uploads\\\/2026\\\/04\\\/Blaahals_1.webp\",\"keywords\":[\"fugle.bl\u00e5hals\"],\"articleSection\":[\"Bioversitet\",\"Blog\",\"Dyr\",\"Fugle\",\"Natur\"],\"inLanguage\":\"da-DK\",\"potentialAction\":[{\"@type\":\"CommentAction\",\"name\":\"Comment\",\"target\":[\"https:\\\/\\\/naturogmad.dk\\\/index.php\\\/2026\\\/04\\\/26\\\/naesten-vaek-i-100-aar\\\/#respond\"]}],\"copyrightYear\":\"2026\",\"copyrightHolder\":{\"@id\":\"https:\\\/\\\/naturogmad.dk\\\/#organization\"}},{\"@type\":\"WebPage\",\"@id\":\"https:\\\/\\\/naturogmad.dk\\\/index.php\\\/2026\\\/04\\\/26\\\/naesten-vaek-i-100-aar\\\/\",\"url\":\"https:\\\/\\\/naturogmad.dk\\\/index.php\\\/2026\\\/04\\\/26\\\/naesten-vaek-i-100-aar\\\/\",\"name\":\"N\u00e6sten v\u00e6k i 100 \u00e5r - Natur og mad\",\"isPartOf\":{\"@id\":\"https:\\\/\\\/naturogmad.dk\\\/#website\"},\"primaryImageOfPage\":{\"@id\":\"https:\\\/\\\/naturogmad.dk\\\/index.php\\\/2026\\\/04\\\/26\\\/naesten-vaek-i-100-aar\\\/#primaryimage\"},\"image\":{\"@id\":\"https:\\\/\\\/naturogmad.dk\\\/index.php\\\/2026\\\/04\\\/26\\\/naesten-vaek-i-100-aar\\\/#primaryimage\"},\"thumbnailUrl\":\"https:\\\/\\\/naturogmad.dk\\\/wp-content\\\/uploads\\\/2026\\\/04\\\/Blaahals_1.webp\",\"datePublished\":\"2026-04-26T07:05:54+00:00\",\"dateModified\":\"2026-04-26T07:07:52+00:00\",\"description\":\"Bl\u00e5hals er den bl\u00e5 udgave af r\u00f8dhalsen, blot mere slank og langbenet. Den har en markant hvid \u00f8jenbrynstribe\",\"breadcrumb\":{\"@id\":\"https:\\\/\\\/naturogmad.dk\\\/index.php\\\/2026\\\/04\\\/26\\\/naesten-vaek-i-100-aar\\\/#breadcrumb\"},\"inLanguage\":\"da-DK\",\"potentialAction\":[{\"@type\":\"ReadAction\",\"target\":[\"https:\\\/\\\/naturogmad.dk\\\/index.php\\\/2026\\\/04\\\/26\\\/naesten-vaek-i-100-aar\\\/\"]}]},{\"@type\":\"ImageObject\",\"inLanguage\":\"da-DK\",\"@id\":\"https:\\\/\\\/naturogmad.dk\\\/index.php\\\/2026\\\/04\\\/26\\\/naesten-vaek-i-100-aar\\\/#primaryimage\",\"url\":\"https:\\\/\\\/naturogmad.dk\\\/wp-content\\\/uploads\\\/2026\\\/04\\\/Blaahals_1.webp\",\"contentUrl\":\"https:\\\/\\\/naturogmad.dk\\\/wp-content\\\/uploads\\\/2026\\\/04\\\/Blaahals_1.webp\",\"width\":1600,\"height\":575,\"caption\":\"bl\u00e5hals\"},{\"@type\":\"BreadcrumbList\",\"@id\":\"https:\\\/\\\/naturogmad.dk\\\/index.php\\\/2026\\\/04\\\/26\\\/naesten-vaek-i-100-aar\\\/#breadcrumb\",\"itemListElement\":[{\"@type\":\"ListItem\",\"position\":1,\"name\":\"Home\",\"item\":\"https:\\\/\\\/naturogmad.dk\\\/\"},{\"@type\":\"ListItem\",\"position\":2,\"name\":\"N\u00e6sten v\u00e6k i 100 \u00e5r\"}]},{\"@type\":\"WebSite\",\"@id\":\"https:\\\/\\\/naturogmad.dk\\\/#website\",\"url\":\"https:\\\/\\\/naturogmad.dk\\\/\",\"name\":\"Natur og mad\",\"description\":\"natur milj\u00f8 biodiversitet landbrug dyrevelf\u00e6rd mad\",\"publisher\":{\"@id\":\"https:\\\/\\\/naturogmad.dk\\\/#organization\"},\"potentialAction\":[{\"@type\":\"SearchAction\",\"target\":{\"@type\":\"EntryPoint\",\"urlTemplate\":\"https:\\\/\\\/naturogmad.dk\\\/?s={search_term_string}\"},\"query-input\":{\"@type\":\"PropertyValueSpecification\",\"valueRequired\":true,\"valueName\":\"search_term_string\"}}],\"inLanguage\":\"da-DK\"},{\"@type\":[\"Organization\",\"Place\"],\"@id\":\"https:\\\/\\\/naturogmad.dk\\\/#organization\",\"name\":\"Natur og mad\",\"url\":\"https:\\\/\\\/naturogmad.dk\\\/\",\"logo\":{\"@id\":\"https:\\\/\\\/naturogmad.dk\\\/index.php\\\/2026\\\/04\\\/26\\\/naesten-vaek-i-100-aar\\\/#local-main-organization-logo\"},\"image\":{\"@id\":\"https:\\\/\\\/naturogmad.dk\\\/index.php\\\/2026\\\/04\\\/26\\\/naesten-vaek-i-100-aar\\\/#local-main-organization-logo\"},\"numberOfEmployees\":{\"@type\":\"QuantitativeValue\",\"minValue\":\"1\",\"maxValue\":\"10\"},\"telephone\":[],\"openingHoursSpecification\":[{\"@type\":\"OpeningHoursSpecification\",\"dayOfWeek\":[\"Monday\",\"Tuesday\",\"Wednesday\",\"Thursday\",\"Friday\",\"Saturday\",\"Sunday\"],\"opens\":\"09:00\",\"closes\":\"17:00\"}]},{\"@type\":\"Person\",\"@id\":\"https:\\\/\\\/naturogmad.dk\\\/#\\\/schema\\\/person\\\/ef23e94eada8bd9f6ab62ebca3603546\",\"name\":\"Carl Andersen\",\"image\":{\"@type\":\"ImageObject\",\"inLanguage\":\"da-DK\",\"@id\":\"https:\\\/\\\/secure.gravatar.com\\\/avatar\\\/683d98ff87f1da959f39319e9373482403c78a388a9701137f80709179fec0b3?s=96&d=mm&r=g\",\"url\":\"https:\\\/\\\/secure.gravatar.com\\\/avatar\\\/683d98ff87f1da959f39319e9373482403c78a388a9701137f80709179fec0b3?s=96&d=mm&r=g\",\"contentUrl\":\"https:\\\/\\\/secure.gravatar.com\\\/avatar\\\/683d98ff87f1da959f39319e9373482403c78a388a9701137f80709179fec0b3?s=96&d=mm&r=g\",\"caption\":\"Carl Andersen\"},\"sameAs\":[\"https:\\\/\\\/naturogmad.dk\"],\"url\":\"https:\\\/\\\/naturogmad.dk\\\/index.php\\\/author\\\/admin\\\/\"},{\"@type\":\"ImageObject\",\"inLanguage\":\"da-DK\",\"@id\":\"https:\\\/\\\/naturogmad.dk\\\/index.php\\\/2026\\\/04\\\/26\\\/naesten-vaek-i-100-aar\\\/#local-main-organization-logo\",\"url\":\"https:\\\/\\\/naturogmad.dk\\\/wp-content\\\/uploads\\\/2026\\\/02\\\/cropped-ikon.webp\",\"contentUrl\":\"https:\\\/\\\/naturogmad.dk\\\/wp-content\\\/uploads\\\/2026\\\/02\\\/cropped-ikon.webp\",\"width\":512,\"height\":512,\"caption\":\"Natur og mad\"}]}<\/script>\n<!-- \/ Yoast SEO Premium plugin. -->","yoast_head_json":{"title":"N\u00e6sten v\u00e6k i 100 \u00e5r - Natur og mad","description":"Bl\u00e5hals er den bl\u00e5 udgave af r\u00f8dhalsen, blot mere slank og langbenet. Den har en markant hvid \u00f8jenbrynstribe","robots":{"index":"index","follow":"follow","max-snippet":"max-snippet:-1","max-image-preview":"max-image-preview:large","max-video-preview":"max-video-preview:-1"},"canonical":"https:\/\/naturogmad.dk\/index.php\/2026\/04\/26\/naesten-vaek-i-100-aar\/","og_locale":"da_DK","og_type":"article","og_title":"N\u00e6sten v\u00e6k i 100 \u00e5r","og_description":"Bl\u00e5hals er den bl\u00e5 udgave af r\u00f8dhalsen, blot mere slank og langbenet. Den har en markant hvid \u00f8jenbrynstribe","og_url":"https:\/\/naturogmad.dk\/index.php\/2026\/04\/26\/naesten-vaek-i-100-aar\/","og_site_name":"Natur og mad","article_published_time":"2026-04-26T07:05:54+00:00","article_modified_time":"2026-04-26T07:07:52+00:00","og_image":[{"width":1600,"height":575,"url":"https:\/\/naturogmad.dk\/wp-content\/uploads\/2026\/04\/Blaahals_1.webp","type":"image\/webp"}],"author":"Carl Andersen","twitter_card":"summary_large_image","twitter_misc":{"Skrevet af":"Carl Andersen","Estimeret l\u00e6setid":"1 minut"},"schema":{"@context":"https:\/\/schema.org","@graph":[{"@type":"Article","@id":"https:\/\/naturogmad.dk\/index.php\/2026\/04\/26\/naesten-vaek-i-100-aar\/#article","isPartOf":{"@id":"https:\/\/naturogmad.dk\/index.php\/2026\/04\/26\/naesten-vaek-i-100-aar\/"},"author":{"name":"Carl Andersen","@id":"https:\/\/naturogmad.dk\/#\/schema\/person\/ef23e94eada8bd9f6ab62ebca3603546"},"headline":"N\u00e6sten v\u00e6k i 100 \u00e5r","datePublished":"2026-04-26T07:05:54+00:00","dateModified":"2026-04-26T07:07:52+00:00","mainEntityOfPage":{"@id":"https:\/\/naturogmad.dk\/index.php\/2026\/04\/26\/naesten-vaek-i-100-aar\/"},"wordCount":139,"commentCount":0,"publisher":{"@id":"https:\/\/naturogmad.dk\/#organization"},"image":{"@id":"https:\/\/naturogmad.dk\/index.php\/2026\/04\/26\/naesten-vaek-i-100-aar\/#primaryimage"},"thumbnailUrl":"https:\/\/naturogmad.dk\/wp-content\/uploads\/2026\/04\/Blaahals_1.webp","keywords":["fugle.bl\u00e5hals"],"articleSection":["Bioversitet","Blog","Dyr","Fugle","Natur"],"inLanguage":"da-DK","potentialAction":[{"@type":"CommentAction","name":"Comment","target":["https:\/\/naturogmad.dk\/index.php\/2026\/04\/26\/naesten-vaek-i-100-aar\/#respond"]}],"copyrightYear":"2026","copyrightHolder":{"@id":"https:\/\/naturogmad.dk\/#organization"}},{"@type":"WebPage","@id":"https:\/\/naturogmad.dk\/index.php\/2026\/04\/26\/naesten-vaek-i-100-aar\/","url":"https:\/\/naturogmad.dk\/index.php\/2026\/04\/26\/naesten-vaek-i-100-aar\/","name":"N\u00e6sten v\u00e6k i 100 \u00e5r - Natur og mad","isPartOf":{"@id":"https:\/\/naturogmad.dk\/#website"},"primaryImageOfPage":{"@id":"https:\/\/naturogmad.dk\/index.php\/2026\/04\/26\/naesten-vaek-i-100-aar\/#primaryimage"},"image":{"@id":"https:\/\/naturogmad.dk\/index.php\/2026\/04\/26\/naesten-vaek-i-100-aar\/#primaryimage"},"thumbnailUrl":"https:\/\/naturogmad.dk\/wp-content\/uploads\/2026\/04\/Blaahals_1.webp","datePublished":"2026-04-26T07:05:54+00:00","dateModified":"2026-04-26T07:07:52+00:00","description":"Bl\u00e5hals er den bl\u00e5 udgave af r\u00f8dhalsen, blot mere slank og langbenet. Den har en markant hvid \u00f8jenbrynstribe","breadcrumb":{"@id":"https:\/\/naturogmad.dk\/index.php\/2026\/04\/26\/naesten-vaek-i-100-aar\/#breadcrumb"},"inLanguage":"da-DK","potentialAction":[{"@type":"ReadAction","target":["https:\/\/naturogmad.dk\/index.php\/2026\/04\/26\/naesten-vaek-i-100-aar\/"]}]},{"@type":"ImageObject","inLanguage":"da-DK","@id":"https:\/\/naturogmad.dk\/index.php\/2026\/04\/26\/naesten-vaek-i-100-aar\/#primaryimage","url":"https:\/\/naturogmad.dk\/wp-content\/uploads\/2026\/04\/Blaahals_1.webp","contentUrl":"https:\/\/naturogmad.dk\/wp-content\/uploads\/2026\/04\/Blaahals_1.webp","width":1600,"height":575,"caption":"bl\u00e5hals"},{"@type":"BreadcrumbList","@id":"https:\/\/naturogmad.dk\/index.php\/2026\/04\/26\/naesten-vaek-i-100-aar\/#breadcrumb","itemListElement":[{"@type":"ListItem","position":1,"name":"Home","item":"https:\/\/naturogmad.dk\/"},{"@type":"ListItem","position":2,"name":"N\u00e6sten v\u00e6k i 100 \u00e5r"}]},{"@type":"WebSite","@id":"https:\/\/naturogmad.dk\/#website","url":"https:\/\/naturogmad.dk\/","name":"Natur og mad","description":"natur milj\u00f8 biodiversitet landbrug dyrevelf\u00e6rd mad","publisher":{"@id":"https:\/\/naturogmad.dk\/#organization"},"potentialAction":[{"@type":"SearchAction","target":{"@type":"EntryPoint","urlTemplate":"https:\/\/naturogmad.dk\/?s={search_term_string}"},"query-input":{"@type":"PropertyValueSpecification","valueRequired":true,"valueName":"search_term_string"}}],"inLanguage":"da-DK"},{"@type":["Organization","Place"],"@id":"https:\/\/naturogmad.dk\/#organization","name":"Natur og mad","url":"https:\/\/naturogmad.dk\/","logo":{"@id":"https:\/\/naturogmad.dk\/index.php\/2026\/04\/26\/naesten-vaek-i-100-aar\/#local-main-organization-logo"},"image":{"@id":"https:\/\/naturogmad.dk\/index.php\/2026\/04\/26\/naesten-vaek-i-100-aar\/#local-main-organization-logo"},"numberOfEmployees":{"@type":"QuantitativeValue","minValue":"1","maxValue":"10"},"telephone":[],"openingHoursSpecification":[{"@type":"OpeningHoursSpecification","dayOfWeek":["Monday","Tuesday","Wednesday","Thursday","Friday","Saturday","Sunday"],"opens":"09:00","closes":"17:00"}]},{"@type":"Person","@id":"https:\/\/naturogmad.dk\/#\/schema\/person\/ef23e94eada8bd9f6ab62ebca3603546","name":"Carl Andersen","image":{"@type":"ImageObject","inLanguage":"da-DK","@id":"https:\/\/secure.gravatar.com\/avatar\/683d98ff87f1da959f39319e9373482403c78a388a9701137f80709179fec0b3?s=96&d=mm&r=g","url":"https:\/\/secure.gravatar.com\/avatar\/683d98ff87f1da959f39319e9373482403c78a388a9701137f80709179fec0b3?s=96&d=mm&r=g","contentUrl":"https:\/\/secure.gravatar.com\/avatar\/683d98ff87f1da959f39319e9373482403c78a388a9701137f80709179fec0b3?s=96&d=mm&r=g","caption":"Carl Andersen"},"sameAs":["https:\/\/naturogmad.dk"],"url":"https:\/\/naturogmad.dk\/index.php\/author\/admin\/"},{"@type":"ImageObject","inLanguage":"da-DK","@id":"https:\/\/naturogmad.dk\/index.php\/2026\/04\/26\/naesten-vaek-i-100-aar\/#local-main-organization-logo","url":"https:\/\/naturogmad.dk\/wp-content\/uploads\/2026\/02\/cropped-ikon.webp","contentUrl":"https:\/\/naturogmad.dk\/wp-content\/uploads\/2026\/02\/cropped-ikon.webp","width":512,"height":512,"caption":"Natur og mad"}]}},"_links":{"self":[{"href":"https:\/\/naturogmad.dk\/index.php\/wp-json\/wp\/v2\/posts\/1750","targetHints":{"allow":["GET"]}}],"collection":[{"href":"https:\/\/naturogmad.dk\/index.php\/wp-json\/wp\/v2\/posts"}],"about":[{"href":"https:\/\/naturogmad.dk\/index.php\/wp-json\/wp\/v2\/types\/post"}],"author":[{"embeddable":true,"href":"https:\/\/naturogmad.dk\/index.php\/wp-json\/wp\/v2\/users\/1"}],"replies":[{"embeddable":true,"href":"https:\/\/naturogmad.dk\/index.php\/wp-json\/wp\/v2\/comments?post=1750"}],"version-history":[{"count":0,"href":"https:\/\/naturogmad.dk\/index.php\/wp-json\/wp\/v2\/posts\/1750\/revisions"}],"wp:featuredmedia":[{"embeddable":true,"href":"https:\/\/naturogmad.dk\/index.php\/wp-json\/wp\/v2\/media\/1751"}],"wp:attachment":[{"href":"https:\/\/naturogmad.dk\/index.php\/wp-json\/wp\/v2\/media?parent=1750"}],"wp:term":[{"taxonomy":"category","embeddable":true,"href":"https:\/\/naturogmad.dk\/index.php\/wp-json\/wp\/v2\/categories?post=1750"},{"taxonomy":"post_tag","embeddable":true,"href":"https:\/\/naturogmad.dk\/index.php\/wp-json\/wp\/v2\/tags?post=1750"}],"curies":[{"name":"wp","href":"https:\/\/api.w.org\/{rel}","templated":true}]}}